{"id":64,"date":"2024-07-03T22:54:34","date_gmt":"2024-07-03T20:54:34","guid":{"rendered":"https:\/\/www.ivankovacesta.sk\/?p=64"},"modified":"2024-07-23T12:56:19","modified_gmt":"2024-07-23T10:56:19","slug":"podozrenie-na-autizmus-kde-zacat","status":"publish","type":"post","link":"https:\/\/www.ivankovacesta.sk\/?p=64","title":{"rendered":"Podozrenie na autizmus, kde za\u010da\u0165?"},"content":{"rendered":"\n<p>Treba si uvedomi\u0165, \u017ee na Slovensku v\u00e1m ofici\u00e1lne nepotvrd\u00ed diagn\u00f3zu autizmus pred 3 rokom nikto. V\u00e4\u010d\u0161ina rodi\u010dom sa pri podozren\u00ed hne\u010f hod\u00ed na cestu diagnostiky. Zapoj\u00ed sa do poradovn\u00edkov alebo ich presved\u010dia, \u017ee je e\u0161te \u010das a uvid\u00edme ako sa to vyvinie. V realite nie je, ale tak d\u00f4le\u017eit\u00e1 diagnostika ako skor\u00e1 intervencia. A v\u00fdborn\u00e1 spr\u00e1va je, \u017ee s tou m\u00f4\u017eete za\u010da\u0165 aj pred uzavret\u00edm diagn\u00f3zy.<\/p>\n\n\n\n<p>Jeden s prv\u00fdch krokov, ktor\u00e9 odpor\u00fa\u010dam je n\u00e1js\u0165 si lok\u00e1lne centrum v\u010dasnej intervencie (CVI) a nakontaktova\u0165 sa na nich.  Ide o soci\u00e1lnu slu\u017ebu (ukotven\u00fa v z\u00e1kone), ktor\u00e1 je poskytovan\u00e1 bezplatne. Poskytuje sa die\u0165a\u0165u do 7 rokov pokia\u013e je jeho v\u00fdvoj ohrozen\u00fd alebo rizikov\u00fd z h\u013eadiska zdravotn\u00e9ho postihnutia a tie\u017e jeho rodine. Naozaj v\u00e1m m\u00f4\u017eu hlavne na za\u010diatku ve\u013emi pomoc a nasmerova\u0165 v\u00e1s. V\u00e4\u010d\u0161inou sa s vami stret\u00e1vaj\u00fa u v\u00e1s doma pribli\u017ene raz za mesiac.<\/p>\n\n\n\n<p>Druh\u00fd krok je zamyslie\u0165 sa ak\u00e9 s\u00fa mo\u017enosti, va\u0161e ako rodi\u010dov a v\u00e1\u0161ho die\u0165a\u0165a. Rozumiete mu? Viete ak\u00e9 s\u00fa jeho potreby? Rozumiete \u010do sa skr\u00fdva za jeho spr\u00e1van\u00edm? Alebo potrebujete poradi\u0165? Ak\u00e9 s\u00fa va\u0161e mo\u017enosti? Chcete sa sk\u00f4r nau\u010di\u0165 pracova\u0165 s die\u0165a\u0165om doma alebo cestova\u0165 za terapiami? Ak\u00e9 terapie m\u00e1te k dispoz\u00edcii v okol\u00ed? Ide o \u010dasove, ale aj finan\u010dn\u00e9 mo\u017enosti. Lebo bohu\u017eia\u013e v\u00e4\u010d\u0161ina terapii a intervencii nie je hraden\u00e1 zo zdravotn\u00e9ho poistenia, ale s\u00fakromne. A tie finan\u010dn\u00e9 n\u00e1klady m\u00f4\u017eu by\u0165 naozaj vysok\u00e9, nie kr\u00e1tkodobo na jeden \u00fakon, ale dlhodobo. Nie je v\u0161ak treba na ni\u010d \u010daka\u0165, \u010d\u00edm sk\u00f4r sa za\u010dne s intervenciou, t\u00fdm lep\u0161ie v\u00fdsledky m\u00f4\u017eete dosiahnu\u0165. \u010c\u00edm viac hod\u00edn denne tomu m\u00f4\u017eete venova\u0165 t\u00fdm lep\u0161ie. Len je dobr\u00e9 zv\u00e1\u017ei\u0165 si svoje mo\u017enosti. Interven\u010dn\u00fdch a terapeutick\u00fdch mo\u017enost\u00ed je naozaj ve\u013ea, ver\u00edm, \u017ee zo za\u010diatku sa v nich \u0165a\u017e\u0161ie orientuje. ABA terapia, TEACCH, son-rise program, floortime, Tomatis met\u00f3da, terapia zameran\u00e1 na interakciu rodi\u010d-die\u0165a. A \u010fal\u0161ie podporn\u00e9 kroky ako senzorick\u00e1 integr\u00e1cia, bilater\u00e1lna integr\u00e1cia, fili\u00e1lna terapia, ergotepia, hipoterpia, muzikotepia, arte terapia, canisterapia, hyperbarick\u00e1 komora a in\u00e9. Preto pl\u00e1nujem aj prida\u0165 \u010dl\u00e1nok o t\u00fdchto mo\u017enostiach.<\/p>\n\n\n\n<p>Tret\u00edm krokom m\u00f4\u017ee by\u0165 diagnostika. V s\u00fa\u010dasnosti to funguje tak, \u017ee diagn\u00f3zu v\u00e1m uzatv\u00e1ra pedopsychiater (detsk\u00fd psychiater), to je ten re\u00e1lny lek\u00e1r s titulom MUDr. s ktor\u00fdm pr\u00eddete do kontaktu. Bohu\u017eia\u013e, ale realita je tak\u00e1, \u017ee pedopsychiater v\u00e1m nerob\u00ed diagnostick\u00e9 testy (ADOS, ADI-R, dotazn\u00edk pre rodi\u010dov), preto\u017ee s\u00fa \u010dasovo n\u00e1ro\u010dnej\u0161ie a jednoducho na to nemaj\u00fa \u010das. Diagnostiku v\u00e1m robia na to ur\u010den\u00e9 diagnostick\u00e9 centra alebo klinick\u00fd psychol\u00f3g (ten m\u00e1 titul Mgr. a nie je lek\u00e1r), v\u00e4\u010d\u0161inou s\u00fakromne. So spr\u00e1vou od neho a\u017e potom nav\u0161t\u00edvite pedopsychiatra. Pokia\u013e potrebujete vybavi\u0165 aj nejak\u00e9 \u00faradn\u00e9 veci ako pred\u013a\u017een\u00fd rodi\u010dovsk\u00fd pr\u00edspevok, Z\u0164P, kompenz\u00e1cie, \u010di podobne, potrebujete pri autizme v\u00e4\u010d\u0161inou aj spr\u00e1vu od neurol\u00f3ga a sprievodn\u00fd papier aj od v\u00e1\u0161ho pediatra. V\u0161etko nesmie by\u0165 star\u0161ie ako 6 mesiacov. A \u010dakacie doby na term\u00edn ku spom\u00ednan\u00fdm odborn\u00edkom sa moment\u00e1lne pohybuje tie\u017e zhruba okolo 6 mesiacov. Chce to veci si tro\u0161ku zorganizova\u0165.<\/p>\n\n\n\n<p>A v \u0161tvrtok kroku myslite tro\u0161ku, a mo\u017eno aj tro\u0161ku viac, aj na seba. Vy ste t\u00ed, \u010do to bud\u00fa musie\u0165 potiahnu\u0165 dlhodobo. N\u00e1jdite si podporn\u00fa skupinu, z\u00e1chrann\u00fa sie\u0165, in\u00e9 rodiny s podobnou situ\u00e1ciou. Preto\u017ee to bude n\u00e1ro\u010dn\u00e9 psychicky, fyzicky, finan\u010dne, vz\u0165ahovo, sn\u00e1\u010f po ka\u017edej str\u00e1nke a asi dlhodobo. Preto je d\u00f4le\u017eit\u00e9 ma\u0165 sa na koho obr\u00e1ti\u0165, po\u017eiada\u0165 o pomoc, n\u00e1js\u0165 pochopenie. Psychohygiena. A toto je mo\u017eno najd\u00f4le\u017eitej\u0161ie, tak to treba nezanedba\u0165.<\/p>\n","protected":false},"excerpt":{"rendered":"<p>Treba si uvedomi\u0165, \u017ee na Slovensku v\u00e1m ofici\u00e1lne nepotvrd\u00ed diagn\u00f3zu autizmus pred 3 rokom nikto. V\u00e4\u010d\u0161ina rodi\u010dom sa pri podozren\u00ed hne\u010f hod\u00ed na cestu diagnostiky. Zapoj\u00ed sa do poradovn\u00edkov alebo ich presved\u010dia, \u017ee je e\u0161te \u010das a uvid\u00edme ako sa to vyvinie. V realite nie je, ale tak d\u00f4le\u017eit\u00e1 diagnostika ako skor\u00e1 intervencia. A v\u00fdborn\u00e1 [&hellip;]<\/p>\n","protected":false},"author":1,"featured_media":0,"comment_status":"open","ping_status":"open","sticky":false,"template":"","format":"standard","meta":{"om_disable_all_campaigns":false,"_monsterinsights_skip_tracking":false,"_monsterinsights_sitenote_active":false,"_monsterinsights_sitenote_note":"","_monsterinsights_sitenote_category":0,"_uf_show_specific_survey":0,"_uf_disable_surveys":false,"footnotes":""},"categories":[1],"tags":[],"class_list":["post-64","post","type-post","status-publish","format-standard","hentry","category-nezaradene","post-preview"],"aioseo_notices":[],"yoast_head":"<!-- This site is optimized with the Yoast SEO plugin v26.7 - https:\/\/yoast.com\/wordpress\/plugins\/seo\/ -->\n<title>Podozrenie na autizmus, kde za\u010da\u0165? - Ivankova cesta<\/title>\n<meta name=\"robots\" content=\"index, follow, max-snippet:-1, max-image-preview:large, max-video-preview:-1\" \/>\n<link rel=\"canonical\" href=\"https:\/\/www.ivankovacesta.sk\/?p=64\" \/>\n<meta property=\"og:locale\" content=\"sk_SK\" \/>\n<meta property=\"og:type\" content=\"article\" \/>\n<meta property=\"og:title\" content=\"Podozrenie na autizmus, kde za\u010da\u0165? - Ivankova cesta\" \/>\n<meta property=\"og:description\" content=\"Treba si uvedomi\u0165, \u017ee na Slovensku v\u00e1m ofici\u00e1lne nepotvrd\u00ed diagn\u00f3zu autizmus pred 3 rokom nikto. V\u00e4\u010d\u0161ina rodi\u010dom sa pri podozren\u00ed hne\u010f hod\u00ed na cestu diagnostiky. Zapoj\u00ed sa do poradovn\u00edkov alebo ich presved\u010dia, \u017ee je e\u0161te \u010das a uvid\u00edme ako sa to vyvinie. V realite nie je, ale tak d\u00f4le\u017eit\u00e1 diagnostika ako skor\u00e1 intervencia. A v\u00fdborn\u00e1 [&hellip;]\" \/>\n<meta property=\"og:url\" content=\"https:\/\/www.ivankovacesta.sk\/?p=64\" \/>\n<meta property=\"og:site_name\" content=\"Ivankova cesta\" \/>\n<meta property=\"article:published_time\" content=\"2024-07-03T20:54:34+00:00\" \/>\n<meta property=\"article:modified_time\" content=\"2024-07-23T10:56:19+00:00\" \/>\n<meta name=\"author\" content=\"morvova\" \/>\n<meta name=\"twitter:card\" content=\"summary_large_image\" \/>\n<meta name=\"twitter:label1\" content=\"Autor\" \/>\n\t<meta name=\"twitter:data1\" content=\"morvova\" \/>\n\t<meta name=\"twitter:label2\" content=\"Predpokladan\u00fd \u010das \u010d\u00edtania\" \/>\n\t<meta name=\"twitter:data2\" content=\"3 min\u00faty\" \/>\n<script type=\"application\/ld+json\" class=\"yoast-schema-graph\">{\"@context\":\"https:\/\/schema.org\",\"@graph\":[{\"@type\":\"Article\",\"@id\":\"https:\/\/www.ivankovacesta.sk\/?p=64#article\",\"isPartOf\":{\"@id\":\"https:\/\/www.ivankovacesta.sk\/?p=64\"},\"author\":{\"name\":\"morvova\",\"@id\":\"https:\/\/www.ivankovacesta.sk\/#\/schema\/person\/e5546e70bc42d8827e3981a18319b686\"},\"headline\":\"Podozrenie na autizmus, kde za\u010da\u0165?\",\"datePublished\":\"2024-07-03T20:54:34+00:00\",\"dateModified\":\"2024-07-23T10:56:19+00:00\",\"mainEntityOfPage\":{\"@id\":\"https:\/\/www.ivankovacesta.sk\/?p=64\"},\"wordCount\":705,\"commentCount\":0,\"inLanguage\":\"sk-SK\",\"potentialAction\":[{\"@type\":\"CommentAction\",\"name\":\"Comment\",\"target\":[\"https:\/\/www.ivankovacesta.sk\/?p=64#respond\"]}]},{\"@type\":\"WebPage\",\"@id\":\"https:\/\/www.ivankovacesta.sk\/?p=64\",\"url\":\"https:\/\/www.ivankovacesta.sk\/?p=64\",\"name\":\"Podozrenie na autizmus, kde za\u010da\u0165? - Ivankova cesta\",\"isPartOf\":{\"@id\":\"https:\/\/www.ivankovacesta.sk\/#website\"},\"datePublished\":\"2024-07-03T20:54:34+00:00\",\"dateModified\":\"2024-07-23T10:56:19+00:00\",\"author\":{\"@id\":\"https:\/\/www.ivankovacesta.sk\/#\/schema\/person\/e5546e70bc42d8827e3981a18319b686\"},\"breadcrumb\":{\"@id\":\"https:\/\/www.ivankovacesta.sk\/?p=64#breadcrumb\"},\"inLanguage\":\"sk-SK\",\"potentialAction\":[{\"@type\":\"ReadAction\",\"target\":[\"https:\/\/www.ivankovacesta.sk\/?p=64\"]}]},{\"@type\":\"BreadcrumbList\",\"@id\":\"https:\/\/www.ivankovacesta.sk\/?p=64#breadcrumb\",\"itemListElement\":[{\"@type\":\"ListItem\",\"position\":1,\"name\":\"Home\",\"item\":\"https:\/\/www.ivankovacesta.sk\/\"},{\"@type\":\"ListItem\",\"position\":2,\"name\":\"Podozrenie na autizmus, kde za\u010da\u0165?\"}]},{\"@type\":\"WebSite\",\"@id\":\"https:\/\/www.ivankovacesta.sk\/#website\",\"url\":\"https:\/\/www.ivankovacesta.sk\/\",\"name\":\"Ivankova cesta\",\"description\":\"Ob\u010dianske zdru\u017eenie\",\"potentialAction\":[{\"@type\":\"SearchAction\",\"target\":{\"@type\":\"EntryPoint\",\"urlTemplate\":\"https:\/\/www.ivankovacesta.sk\/?s={search_term_string}\"},\"query-input\":{\"@type\":\"PropertyValueSpecification\",\"valueRequired\":true,\"valueName\":\"search_term_string\"}}],\"inLanguage\":\"sk-SK\"},{\"@type\":\"Person\",\"@id\":\"https:\/\/www.ivankovacesta.sk\/#\/schema\/person\/e5546e70bc42d8827e3981a18319b686\",\"name\":\"morvova\",\"image\":{\"@type\":\"ImageObject\",\"inLanguage\":\"sk-SK\",\"@id\":\"https:\/\/www.ivankovacesta.sk\/#\/schema\/person\/image\/\",\"url\":\"https:\/\/secure.gravatar.com\/avatar\/ee24f2a8f6a047f8348b5f521d9baa5d526d5a06bde8db24f809c9ee611e9194?s=96&d=mm&r=g\",\"contentUrl\":\"https:\/\/secure.gravatar.com\/avatar\/ee24f2a8f6a047f8348b5f521d9baa5d526d5a06bde8db24f809c9ee611e9194?s=96&d=mm&r=g\",\"caption\":\"morvova\"},\"sameAs\":[\"https:\/\/www.ivankovacesta.sk\"],\"url\":\"https:\/\/www.ivankovacesta.sk\/?author=1\"}]}<\/script>\n<!-- \/ Yoast SEO plugin. -->","yoast_head_json":{"title":"Podozrenie na autizmus, kde za\u010da\u0165? - Ivankova cesta","robots":{"index":"index","follow":"follow","max-snippet":"max-snippet:-1","max-image-preview":"max-image-preview:large","max-video-preview":"max-video-preview:-1"},"canonical":"https:\/\/www.ivankovacesta.sk\/?p=64","og_locale":"sk_SK","og_type":"article","og_title":"Podozrenie na autizmus, kde za\u010da\u0165? - Ivankova cesta","og_description":"Treba si uvedomi\u0165, \u017ee na Slovensku v\u00e1m ofici\u00e1lne nepotvrd\u00ed diagn\u00f3zu autizmus pred 3 rokom nikto. V\u00e4\u010d\u0161ina rodi\u010dom sa pri podozren\u00ed hne\u010f hod\u00ed na cestu diagnostiky. Zapoj\u00ed sa do poradovn\u00edkov alebo ich presved\u010dia, \u017ee je e\u0161te \u010das a uvid\u00edme ako sa to vyvinie. V realite nie je, ale tak d\u00f4le\u017eit\u00e1 diagnostika ako skor\u00e1 intervencia. A v\u00fdborn\u00e1 [&hellip;]","og_url":"https:\/\/www.ivankovacesta.sk\/?p=64","og_site_name":"Ivankova cesta","article_published_time":"2024-07-03T20:54:34+00:00","article_modified_time":"2024-07-23T10:56:19+00:00","author":"morvova","twitter_card":"summary_large_image","twitter_misc":{"Autor":"morvova","Predpokladan\u00fd \u010das \u010d\u00edtania":"3 min\u00faty"},"schema":{"@context":"https:\/\/schema.org","@graph":[{"@type":"Article","@id":"https:\/\/www.ivankovacesta.sk\/?p=64#article","isPartOf":{"@id":"https:\/\/www.ivankovacesta.sk\/?p=64"},"author":{"name":"morvova","@id":"https:\/\/www.ivankovacesta.sk\/#\/schema\/person\/e5546e70bc42d8827e3981a18319b686"},"headline":"Podozrenie na autizmus, kde za\u010da\u0165?","datePublished":"2024-07-03T20:54:34+00:00","dateModified":"2024-07-23T10:56:19+00:00","mainEntityOfPage":{"@id":"https:\/\/www.ivankovacesta.sk\/?p=64"},"wordCount":705,"commentCount":0,"inLanguage":"sk-SK","potentialAction":[{"@type":"CommentAction","name":"Comment","target":["https:\/\/www.ivankovacesta.sk\/?p=64#respond"]}]},{"@type":"WebPage","@id":"https:\/\/www.ivankovacesta.sk\/?p=64","url":"https:\/\/www.ivankovacesta.sk\/?p=64","name":"Podozrenie na autizmus, kde za\u010da\u0165? - Ivankova cesta","isPartOf":{"@id":"https:\/\/www.ivankovacesta.sk\/#website"},"datePublished":"2024-07-03T20:54:34+00:00","dateModified":"2024-07-23T10:56:19+00:00","author":{"@id":"https:\/\/www.ivankovacesta.sk\/#\/schema\/person\/e5546e70bc42d8827e3981a18319b686"},"breadcrumb":{"@id":"https:\/\/www.ivankovacesta.sk\/?p=64#breadcrumb"},"inLanguage":"sk-SK","potentialAction":[{"@type":"ReadAction","target":["https:\/\/www.ivankovacesta.sk\/?p=64"]}]},{"@type":"BreadcrumbList","@id":"https:\/\/www.ivankovacesta.sk\/?p=64#breadcrumb","itemListElement":[{"@type":"ListItem","position":1,"name":"Home","item":"https:\/\/www.ivankovacesta.sk\/"},{"@type":"ListItem","position":2,"name":"Podozrenie na autizmus, kde za\u010da\u0165?"}]},{"@type":"WebSite","@id":"https:\/\/www.ivankovacesta.sk\/#website","url":"https:\/\/www.ivankovacesta.sk\/","name":"Ivankova cesta","description":"Ob\u010dianske zdru\u017eenie","potentialAction":[{"@type":"SearchAction","target":{"@type":"EntryPoint","urlTemplate":"https:\/\/www.ivankovacesta.sk\/?s={search_term_string}"},"query-input":{"@type":"PropertyValueSpecification","valueRequired":true,"valueName":"search_term_string"}}],"inLanguage":"sk-SK"},{"@type":"Person","@id":"https:\/\/www.ivankovacesta.sk\/#\/schema\/person\/e5546e70bc42d8827e3981a18319b686","name":"morvova","image":{"@type":"ImageObject","inLanguage":"sk-SK","@id":"https:\/\/www.ivankovacesta.sk\/#\/schema\/person\/image\/","url":"https:\/\/secure.gravatar.com\/avatar\/ee24f2a8f6a047f8348b5f521d9baa5d526d5a06bde8db24f809c9ee611e9194?s=96&d=mm&r=g","contentUrl":"https:\/\/secure.gravatar.com\/avatar\/ee24f2a8f6a047f8348b5f521d9baa5d526d5a06bde8db24f809c9ee611e9194?s=96&d=mm&r=g","caption":"morvova"},"sameAs":["https:\/\/www.ivankovacesta.sk"],"url":"https:\/\/www.ivankovacesta.sk\/?author=1"}]}},"_links":{"self":[{"href":"https:\/\/www.ivankovacesta.sk\/index.php?rest_route=\/wp\/v2\/posts\/64","targetHints":{"allow":["GET"]}}],"collection":[{"href":"https:\/\/www.ivankovacesta.sk\/index.php?rest_route=\/wp\/v2\/posts"}],"about":[{"href":"https:\/\/www.ivankovacesta.sk\/index.php?rest_route=\/wp\/v2\/types\/post"}],"author":[{"embeddable":true,"href":"https:\/\/www.ivankovacesta.sk\/index.php?rest_route=\/wp\/v2\/users\/1"}],"replies":[{"embeddable":true,"href":"https:\/\/www.ivankovacesta.sk\/index.php?rest_route=%2Fwp%2Fv2%2Fcomments&post=64"}],"version-history":[{"count":4,"href":"https:\/\/www.ivankovacesta.sk\/index.php?rest_route=\/wp\/v2\/posts\/64\/revisions"}],"predecessor-version":[{"id":91,"href":"https:\/\/www.ivankovacesta.sk\/index.php?rest_route=\/wp\/v2\/posts\/64\/revisions\/91"}],"wp:attachment":[{"href":"https:\/\/www.ivankovacesta.sk\/index.php?rest_route=%2Fwp%2Fv2%2Fmedia&parent=64"}],"wp:term":[{"taxonomy":"category","embeddable":true,"href":"https:\/\/www.ivankovacesta.sk\/index.php?rest_route=%2Fwp%2Fv2%2Fcategories&post=64"},{"taxonomy":"post_tag","embeddable":true,"href":"https:\/\/www.ivankovacesta.sk\/index.php?rest_route=%2Fwp%2Fv2%2Ftags&post=64"}],"curies":[{"name":"wp","href":"https:\/\/api.w.org\/{rel}","templated":true}]}}