{"id":28,"date":"2024-06-23T21:57:49","date_gmt":"2024-06-23T19:57:49","guid":{"rendered":"https:\/\/www.ivankovacesta.sk\/?p=28"},"modified":"2024-07-15T23:18:14","modified_gmt":"2024-07-15T21:18:14","slug":"detsky-autizmus","status":"publish","type":"post","link":"https:\/\/www.ivankovacesta.sk\/?p=28","title":{"rendered":"Detsk\u00fd autizmus"},"content":{"rendered":"\n<p>Detsk\u00fd autizmus sa naz\u00fdva detsk\u00fd najm\u00e4 preto, \u017ee jeho pr\u00edznaky sa objavuj\u00fa v ranom detstve, v\u00e4\u010d\u0161inou pred 3 rokom. Tak\u00e9to deti \u017eij\u00fa akoby vo vlastnom svete, nezauj\u00edmaj\u00fa sa o \u013eud\u00ed \u010di deti a ch\u00fdbaj\u00fa im soci\u00e1lne zru\u010dnosti. Pr\u00edznaky a prejavy sa u jednotliv\u00fdch det\u00ed m\u00f4\u017eu l\u00ed\u0161i\u0165, resp. nemusia sa v danom okamihu objavova\u0165 v\u0161etky.<\/p>\n\n\n\n<p>Je d\u00f4le\u017eit\u00e9 poznamena\u0165, \u017ee detsk\u00fd autizmus ovplyv\u0148uje nervov\u00fd syst\u00e9m a v\u00e4\u010d\u0161inou aj v\u00fdvoj die\u0165a\u0165a.  Die\u0165a m\u00f4\u017ee ma\u0165 3 roky, ale jeho spr\u00e1vanie a reakcie tomu nezodpovedaj\u00fa. Toto je dobr\u00e9 ma\u0165 na pam\u00e4ti, \u017ee tak\u00e9to die\u0165a nie je nevychovan\u00e9, drz\u00e9, \u010di zl\u00e9, len jeho soci\u00e1lny, \u010di emocion\u00e1lny v\u00fdvoj nie je na \u00farovni, ak\u00fa by sme vzh\u013eadom k jeho veku predpokladali.<\/p>\n\n\n\n<p>Objavuj\u00fa sa 3 kritick\u00e9 oblasti sympt\u00f3mov: v soci\u00e1lnej oblasti, komunika\u010dnej sf\u00e9re, v spr\u00e1van\u00ed\/hre.<\/p>\n\n\n\n<p>M\u00f4\u017eu ma\u0165 zabehan\u00e9 svoje rutiny, \u010di stereotypn\u00e9 spravanie, ktor\u00e9 opakuj\u00fa. Pr\u00e1ve tu pokia\u013e sa n\u00e1hodou dostanete do cesty v tejto rutine, m\u00f4\u017eu nasta\u0165 vyp\u00e4t\u00e9 situ\u00e1cie. Ve\u013ea det\u00ed miluje ukladanie si hra\u010diek (\u010dasto aut\u00ed\u010dok) do radu za sebou, je to pre nich d\u00f4le\u017eit\u00e9 a m\u00e1 to na nich uklud\u0148uj\u00faci \u00fa\u010dinok. Tie\u017e sa m\u00f4\u017eu objavova\u0165 opakuj\u00face sa pohyby, napr. to\u010denie sa na mieste, \u010di kymotanie ru\u010di\u010dkami. Ve\u013ea deti s detsk\u00fdm autizmom m\u00e1 oneskoren\u00fd n\u00e1stup re\u010di, \u010dasto s\u00fa neverb\u00e1lne v rannom detstve. Nemusia reagova\u0165 na vlastn\u00e9 meno, na \u010do je dobr\u00e9 myslie\u0165, ke\u010f sa napr\u00edklad stratia. Nevyhlad\u00e1vaj\u00fa o\u010dn\u00fd kontakt, \u010do v\u0161ak neznamen\u00e1, \u017ee podrobne neregistruj\u00fa situ\u00e1ciu okolo seba. Ch\u00fdbaj\u00fa im soci\u00e1lne zru\u010dnosti, preto \u010dasto nerozumej\u00fa v\u00fdrazom tv\u00e1re, \u010di em\u00f3ciam in\u00fdch \u013eud\u00ed. Treba by\u0165 opatrn\u00fd pri dotykoch, ktor\u00e9 im \u010dasto nemusia by\u0165 v\u00f4bec pr\u00edjemn\u00e9 ani od najbli\u017e\u0161\u00edch os\u00f4b. Objavuje sa u nich siln\u00e9 lipnutie na veciach, preto \u010dasto najdete mami\u010dky, ktor\u00e9 h\u013eadaj\u00fa konkr\u00e9tny typ nejak\u00e9ho jedla, lebo in\u00fa zna\u010dku ich die\u0165a neje. Tak isto sa probl\u00e9my objavuj\u00fa pri strate hra\u010dky alebo podobne.<\/p>\n\n\n\n<p>Medzi siln\u00e9 str\u00e1nky det\u00ed s detsk\u00fdm autizmom patr\u00ed napr. po\u010d\u00edtanie, m\u00e1vaj\u00fa dobr\u00e9 v\u00fdsledky v umen\u00ed alebo hudbe, \u010di zapam\u00e4tan\u00ed si ur\u010dit\u00fdch vec\u00ed.<\/p>\n","protected":false},"excerpt":{"rendered":"<p>Detsk\u00fd autizmus sa naz\u00fdva detsk\u00fd najm\u00e4 preto, \u017ee jeho pr\u00edznaky sa objavuj\u00fa v ranom detstve, v\u00e4\u010d\u0161inou pred 3 rokom. Tak\u00e9to deti \u017eij\u00fa akoby vo vlastnom svete, nezauj\u00edmaj\u00fa sa o \u013eud\u00ed \u010di deti a ch\u00fdbaj\u00fa im soci\u00e1lne zru\u010dnosti. Pr\u00edznaky a prejavy sa u jednotliv\u00fdch det\u00ed m\u00f4\u017eu l\u00ed\u0161i\u0165, resp. nemusia sa v danom okamihu objavova\u0165 v\u0161etky. Je [&hellip;]<\/p>\n","protected":false},"author":1,"featured_media":0,"comment_status":"open","ping_status":"open","sticky":false,"template":"","format":"standard","meta":{"om_disable_all_campaigns":false,"_monsterinsights_skip_tracking":false,"_monsterinsights_sitenote_active":false,"_monsterinsights_sitenote_note":"","_monsterinsights_sitenote_category":0,"_uf_show_specific_survey":0,"_uf_disable_surveys":false,"footnotes":""},"categories":[1],"tags":[],"class_list":["post-28","post","type-post","status-publish","format-standard","hentry","category-nezaradene","post-preview"],"aioseo_notices":[],"yoast_head":"<!-- This site is optimized with the Yoast SEO plugin v26.7 - https:\/\/yoast.com\/wordpress\/plugins\/seo\/ -->\n<title>Detsk\u00fd autizmus - Ivankova cesta<\/title>\n<meta name=\"robots\" content=\"index, follow, max-snippet:-1, max-image-preview:large, max-video-preview:-1\" \/>\n<link rel=\"canonical\" href=\"https:\/\/www.ivankovacesta.sk\/?p=28\" \/>\n<meta property=\"og:locale\" content=\"sk_SK\" \/>\n<meta property=\"og:type\" content=\"article\" \/>\n<meta property=\"og:title\" content=\"Detsk\u00fd autizmus - Ivankova cesta\" \/>\n<meta property=\"og:description\" content=\"Detsk\u00fd autizmus sa naz\u00fdva detsk\u00fd najm\u00e4 preto, \u017ee jeho pr\u00edznaky sa objavuj\u00fa v ranom detstve, v\u00e4\u010d\u0161inou pred 3 rokom. Tak\u00e9to deti \u017eij\u00fa akoby vo vlastnom svete, nezauj\u00edmaj\u00fa sa o \u013eud\u00ed \u010di deti a ch\u00fdbaj\u00fa im soci\u00e1lne zru\u010dnosti. Pr\u00edznaky a prejavy sa u jednotliv\u00fdch det\u00ed m\u00f4\u017eu l\u00ed\u0161i\u0165, resp. nemusia sa v danom okamihu objavova\u0165 v\u0161etky. Je [&hellip;]\" \/>\n<meta property=\"og:url\" content=\"https:\/\/www.ivankovacesta.sk\/?p=28\" \/>\n<meta property=\"og:site_name\" content=\"Ivankova cesta\" \/>\n<meta property=\"article:published_time\" content=\"2024-06-23T19:57:49+00:00\" \/>\n<meta property=\"article:modified_time\" content=\"2024-07-15T21:18:14+00:00\" \/>\n<meta name=\"author\" content=\"morvova\" \/>\n<meta name=\"twitter:card\" content=\"summary_large_image\" \/>\n<meta name=\"twitter:label1\" content=\"Autor\" \/>\n\t<meta name=\"twitter:data1\" content=\"morvova\" \/>\n\t<meta name=\"twitter:label2\" content=\"Predpokladan\u00fd \u010das \u010d\u00edtania\" \/>\n\t<meta name=\"twitter:data2\" content=\"2 min\u00faty\" \/>\n<script type=\"application\/ld+json\" class=\"yoast-schema-graph\">{\"@context\":\"https:\/\/schema.org\",\"@graph\":[{\"@type\":\"Article\",\"@id\":\"https:\/\/www.ivankovacesta.sk\/?p=28#article\",\"isPartOf\":{\"@id\":\"https:\/\/www.ivankovacesta.sk\/?p=28\"},\"author\":{\"name\":\"morvova\",\"@id\":\"https:\/\/www.ivankovacesta.sk\/#\/schema\/person\/e5546e70bc42d8827e3981a18319b686\"},\"headline\":\"Detsk\u00fd autizmus\",\"datePublished\":\"2024-06-23T19:57:49+00:00\",\"dateModified\":\"2024-07-15T21:18:14+00:00\",\"mainEntityOfPage\":{\"@id\":\"https:\/\/www.ivankovacesta.sk\/?p=28\"},\"wordCount\":407,\"commentCount\":0,\"inLanguage\":\"sk-SK\",\"potentialAction\":[{\"@type\":\"CommentAction\",\"name\":\"Comment\",\"target\":[\"https:\/\/www.ivankovacesta.sk\/?p=28#respond\"]}]},{\"@type\":\"WebPage\",\"@id\":\"https:\/\/www.ivankovacesta.sk\/?p=28\",\"url\":\"https:\/\/www.ivankovacesta.sk\/?p=28\",\"name\":\"Detsk\u00fd autizmus - Ivankova cesta\",\"isPartOf\":{\"@id\":\"https:\/\/www.ivankovacesta.sk\/#website\"},\"datePublished\":\"2024-06-23T19:57:49+00:00\",\"dateModified\":\"2024-07-15T21:18:14+00:00\",\"author\":{\"@id\":\"https:\/\/www.ivankovacesta.sk\/#\/schema\/person\/e5546e70bc42d8827e3981a18319b686\"},\"breadcrumb\":{\"@id\":\"https:\/\/www.ivankovacesta.sk\/?p=28#breadcrumb\"},\"inLanguage\":\"sk-SK\",\"potentialAction\":[{\"@type\":\"ReadAction\",\"target\":[\"https:\/\/www.ivankovacesta.sk\/?p=28\"]}]},{\"@type\":\"BreadcrumbList\",\"@id\":\"https:\/\/www.ivankovacesta.sk\/?p=28#breadcrumb\",\"itemListElement\":[{\"@type\":\"ListItem\",\"position\":1,\"name\":\"Home\",\"item\":\"https:\/\/www.ivankovacesta.sk\/\"},{\"@type\":\"ListItem\",\"position\":2,\"name\":\"Detsk\u00fd autizmus\"}]},{\"@type\":\"WebSite\",\"@id\":\"https:\/\/www.ivankovacesta.sk\/#website\",\"url\":\"https:\/\/www.ivankovacesta.sk\/\",\"name\":\"Ivankova cesta\",\"description\":\"Ob\u010dianske zdru\u017eenie\",\"potentialAction\":[{\"@type\":\"SearchAction\",\"target\":{\"@type\":\"EntryPoint\",\"urlTemplate\":\"https:\/\/www.ivankovacesta.sk\/?s={search_term_string}\"},\"query-input\":{\"@type\":\"PropertyValueSpecification\",\"valueRequired\":true,\"valueName\":\"search_term_string\"}}],\"inLanguage\":\"sk-SK\"},{\"@type\":\"Person\",\"@id\":\"https:\/\/www.ivankovacesta.sk\/#\/schema\/person\/e5546e70bc42d8827e3981a18319b686\",\"name\":\"morvova\",\"image\":{\"@type\":\"ImageObject\",\"inLanguage\":\"sk-SK\",\"@id\":\"https:\/\/www.ivankovacesta.sk\/#\/schema\/person\/image\/\",\"url\":\"https:\/\/secure.gravatar.com\/avatar\/ee24f2a8f6a047f8348b5f521d9baa5d526d5a06bde8db24f809c9ee611e9194?s=96&d=mm&r=g\",\"contentUrl\":\"https:\/\/secure.gravatar.com\/avatar\/ee24f2a8f6a047f8348b5f521d9baa5d526d5a06bde8db24f809c9ee611e9194?s=96&d=mm&r=g\",\"caption\":\"morvova\"},\"sameAs\":[\"https:\/\/www.ivankovacesta.sk\"],\"url\":\"https:\/\/www.ivankovacesta.sk\/?author=1\"}]}<\/script>\n<!-- \/ Yoast SEO plugin. -->","yoast_head_json":{"title":"Detsk\u00fd autizmus - Ivankova cesta","robots":{"index":"index","follow":"follow","max-snippet":"max-snippet:-1","max-image-preview":"max-image-preview:large","max-video-preview":"max-video-preview:-1"},"canonical":"https:\/\/www.ivankovacesta.sk\/?p=28","og_locale":"sk_SK","og_type":"article","og_title":"Detsk\u00fd autizmus - Ivankova cesta","og_description":"Detsk\u00fd autizmus sa naz\u00fdva detsk\u00fd najm\u00e4 preto, \u017ee jeho pr\u00edznaky sa objavuj\u00fa v ranom detstve, v\u00e4\u010d\u0161inou pred 3 rokom. Tak\u00e9to deti \u017eij\u00fa akoby vo vlastnom svete, nezauj\u00edmaj\u00fa sa o \u013eud\u00ed \u010di deti a ch\u00fdbaj\u00fa im soci\u00e1lne zru\u010dnosti. Pr\u00edznaky a prejavy sa u jednotliv\u00fdch det\u00ed m\u00f4\u017eu l\u00ed\u0161i\u0165, resp. nemusia sa v danom okamihu objavova\u0165 v\u0161etky. Je [&hellip;]","og_url":"https:\/\/www.ivankovacesta.sk\/?p=28","og_site_name":"Ivankova cesta","article_published_time":"2024-06-23T19:57:49+00:00","article_modified_time":"2024-07-15T21:18:14+00:00","author":"morvova","twitter_card":"summary_large_image","twitter_misc":{"Autor":"morvova","Predpokladan\u00fd \u010das \u010d\u00edtania":"2 min\u00faty"},"schema":{"@context":"https:\/\/schema.org","@graph":[{"@type":"Article","@id":"https:\/\/www.ivankovacesta.sk\/?p=28#article","isPartOf":{"@id":"https:\/\/www.ivankovacesta.sk\/?p=28"},"author":{"name":"morvova","@id":"https:\/\/www.ivankovacesta.sk\/#\/schema\/person\/e5546e70bc42d8827e3981a18319b686"},"headline":"Detsk\u00fd autizmus","datePublished":"2024-06-23T19:57:49+00:00","dateModified":"2024-07-15T21:18:14+00:00","mainEntityOfPage":{"@id":"https:\/\/www.ivankovacesta.sk\/?p=28"},"wordCount":407,"commentCount":0,"inLanguage":"sk-SK","potentialAction":[{"@type":"CommentAction","name":"Comment","target":["https:\/\/www.ivankovacesta.sk\/?p=28#respond"]}]},{"@type":"WebPage","@id":"https:\/\/www.ivankovacesta.sk\/?p=28","url":"https:\/\/www.ivankovacesta.sk\/?p=28","name":"Detsk\u00fd autizmus - Ivankova cesta","isPartOf":{"@id":"https:\/\/www.ivankovacesta.sk\/#website"},"datePublished":"2024-06-23T19:57:49+00:00","dateModified":"2024-07-15T21:18:14+00:00","author":{"@id":"https:\/\/www.ivankovacesta.sk\/#\/schema\/person\/e5546e70bc42d8827e3981a18319b686"},"breadcrumb":{"@id":"https:\/\/www.ivankovacesta.sk\/?p=28#breadcrumb"},"inLanguage":"sk-SK","potentialAction":[{"@type":"ReadAction","target":["https:\/\/www.ivankovacesta.sk\/?p=28"]}]},{"@type":"BreadcrumbList","@id":"https:\/\/www.ivankovacesta.sk\/?p=28#breadcrumb","itemListElement":[{"@type":"ListItem","position":1,"name":"Home","item":"https:\/\/www.ivankovacesta.sk\/"},{"@type":"ListItem","position":2,"name":"Detsk\u00fd autizmus"}]},{"@type":"WebSite","@id":"https:\/\/www.ivankovacesta.sk\/#website","url":"https:\/\/www.ivankovacesta.sk\/","name":"Ivankova cesta","description":"Ob\u010dianske zdru\u017eenie","potentialAction":[{"@type":"SearchAction","target":{"@type":"EntryPoint","urlTemplate":"https:\/\/www.ivankovacesta.sk\/?s={search_term_string}"},"query-input":{"@type":"PropertyValueSpecification","valueRequired":true,"valueName":"search_term_string"}}],"inLanguage":"sk-SK"},{"@type":"Person","@id":"https:\/\/www.ivankovacesta.sk\/#\/schema\/person\/e5546e70bc42d8827e3981a18319b686","name":"morvova","image":{"@type":"ImageObject","inLanguage":"sk-SK","@id":"https:\/\/www.ivankovacesta.sk\/#\/schema\/person\/image\/","url":"https:\/\/secure.gravatar.com\/avatar\/ee24f2a8f6a047f8348b5f521d9baa5d526d5a06bde8db24f809c9ee611e9194?s=96&d=mm&r=g","contentUrl":"https:\/\/secure.gravatar.com\/avatar\/ee24f2a8f6a047f8348b5f521d9baa5d526d5a06bde8db24f809c9ee611e9194?s=96&d=mm&r=g","caption":"morvova"},"sameAs":["https:\/\/www.ivankovacesta.sk"],"url":"https:\/\/www.ivankovacesta.sk\/?author=1"}]}},"_links":{"self":[{"href":"https:\/\/www.ivankovacesta.sk\/index.php?rest_route=\/wp\/v2\/posts\/28","targetHints":{"allow":["GET"]}}],"collection":[{"href":"https:\/\/www.ivankovacesta.sk\/index.php?rest_route=\/wp\/v2\/posts"}],"about":[{"href":"https:\/\/www.ivankovacesta.sk\/index.php?rest_route=\/wp\/v2\/types\/post"}],"author":[{"embeddable":true,"href":"https:\/\/www.ivankovacesta.sk\/index.php?rest_route=\/wp\/v2\/users\/1"}],"replies":[{"embeddable":true,"href":"https:\/\/www.ivankovacesta.sk\/index.php?rest_route=%2Fwp%2Fv2%2Fcomments&post=28"}],"version-history":[{"count":4,"href":"https:\/\/www.ivankovacesta.sk\/index.php?rest_route=\/wp\/v2\/posts\/28\/revisions"}],"predecessor-version":[{"id":84,"href":"https:\/\/www.ivankovacesta.sk\/index.php?rest_route=\/wp\/v2\/posts\/28\/revisions\/84"}],"wp:attachment":[{"href":"https:\/\/www.ivankovacesta.sk\/index.php?rest_route=%2Fwp%2Fv2%2Fmedia&parent=28"}],"wp:term":[{"taxonomy":"category","embeddable":true,"href":"https:\/\/www.ivankovacesta.sk\/index.php?rest_route=%2Fwp%2Fv2%2Fcategories&post=28"},{"taxonomy":"post_tag","embeddable":true,"href":"https:\/\/www.ivankovacesta.sk\/index.php?rest_route=%2Fwp%2Fv2%2Ftags&post=28"}],"curies":[{"name":"wp","href":"https:\/\/api.w.org\/{rel}","templated":true}]}}