{"id":112,"date":"2025-02-09T13:37:30","date_gmt":"2025-02-09T12:37:30","guid":{"rendered":"https:\/\/www.ivankovacesta.sk\/?p=112"},"modified":"2026-02-06T09:26:40","modified_gmt":"2026-02-06T08:26:40","slug":"podporte-nas-2","status":"publish","type":"post","link":"https:\/\/www.ivankovacesta.sk\/?p=112","title":{"rendered":"Podporte n\u00e1s 2%"},"content":{"rendered":"\n<p>\ud83d\udc99 <strong>Mil\u00ed priatelia,<\/strong><br>zo srdca v\u00e1m \u010fakujeme za va\u0161u podporu v minulom roku. \ud83d\ude4f<\/p>\n\n\n\n<p>Va\u0161e <strong>2 % z dan\u00ed<\/strong> n\u00e1m ve\u013emi pomohli \u2013 v\u010faka nim sme dok\u00e1zali aspo\u0148 \u010diasto\u010dne uhradi\u0165:<br>\u2728 terapie senzorickej integr\u00e1cie, na ktor\u00e9 doch\u00e1dzame do Popradu,<br>\u2728 jeden terapeutick\u00fd pobyt,<br>\u2728 psychiatrick\u00fa konzult\u00e1ciu,<br>\u2728 a tie\u017e celkov\u00fa anest\u00e9ziu pri o\u0161etren\u00ed z\u00fabkov, ktor\u00e1 je pre nespolupracuj\u00face deti nevyhnutn\u00e1 \ud83e\uddb7\ud83d\udc89.<\/p>\n\n\n\n<p>V\u010faka v\u00e1m sa n\u00e1m minul\u00fd rok d\u00fdchalo o nie\u010do \u013eah\u0161ie \ud83d\udc99.<br>Z\u00e1rove\u0148 je v\u0161ak smutn\u00e9, \u017ee ide o terapie a zdravotn\u00e9 \u00fakony, ktor\u00e9 si rodiny \u0165a\u017eko zdravotne znev\u00fdhodnen\u00fdch det\u00ed musia na Slovensku hradi\u0165 samy \u2013 \u010dasto za cenu ve\u013ek\u00fdch finan\u010dn\u00fdch obet\u00ed.<\/p>\n\n\n\n<p>Aj preto sa na v\u00e1s <strong>obraciame op\u00e4\u0165 aj tento rok<\/strong> s prosbou o darovanie va\u0161ich <strong>2 % z dan\u00ed<\/strong> pr\u00e1ve n\u00e1m.<br>Pom\u00f4\u017eete n\u00e1m tak zabezpe\u010di\u0165 Ivankovi to, \u010do potrebuje a \u010do ho pos\u00fava vpred.<\/p>\n\n\n\n<p>\u27a1\ufe0f Tento rok m\u00e1te navy\u0161e mo\u017enos\u0165 venova\u0165 2 % <strong>va\u0161im rodi\u010dom a z\u00e1rove\u0148 aj neziskovej organiz\u00e1cii<\/strong>.<br>Postup a v\u0161etky potrebn\u00e9 inform\u00e1cie n\u00e1jdete ni\u017e\u0161ie.<\/p>\n\n\n\n<p>\u010eakujeme v\u00e1m za ka\u017ed\u00e9 zdie\u013eanie, podporu aj povzbudiv\u00e9 slovo \u2764\ufe0f<br><strong>Ve\u013emi si to v\u00e1\u017eime.<\/strong><\/p>\n\n\n\n<p><strong>\u00dadaje o prij\u00edmate\u013eovi:<\/strong><\/p>\n\n\n\n<p>Obchodn\u00e9 meno (n\u00e1zov): Ivankova cesta<\/p>\n\n\n\n<p>I\u010cO: 55 815 596<\/p>\n\n\n\n<p><strong>Zamestnanec <\/strong><\/p>\n\n\n\n<h4 class=\"wp-block-heading\">1.krok<\/h4>\n\n\n\n<p>Po\u017eiadajte svojho zamestn\u00e1vate\u013ea o vykonanie ro\u010dn\u00e9ho z\u00fa\u010dtovania preddavkov na da\u0148 z pr\u00edjmov a o vystavenie a potvrdenie tla\u010diva Potvrdenie o zaplaten\u00ed dae z pr\u00edjmov.<\/p>\n\n\n\n<p>2.krok<\/p>\n\n\n\n<p>Vypl\u0148te tla\u010divo&nbsp;&nbsp;<strong>Vyhl\u00e1senie o pouk\u00e1zan\u00ed sumy do v\u00fd\u0161ky 2% (3%) zaplatenej dane<\/strong><\/p>\n\n\n\n<div data-wp-interactive=\"core\/file\" class=\"wp-block-file\"><object data-wp-bind--hidden=\"!state.hasPdfPreview\" hidden class=\"wp-block-file__embed\" data=\"https:\/\/www.ivankovacesta.sk\/wp-content\/uploads\/2025\/02\/Ivankova-cesta-2026-dve-precenta.pdf\" type=\"application\/pdf\" style=\"width:100%;height:600px\" aria-label=\"Vlo\u017ei\u0165 Ivankova cesta 2026 dve precenta.\"><\/object><a id=\"wp-block-file--media-a8bfc81d-116d-414c-93a8-1291e01948f9\" href=\"https:\/\/www.ivankovacesta.sk\/wp-content\/uploads\/2025\/02\/Ivankova-cesta-2026-dve-precenta.pdf\">Ivankova cesta 2026 dve precenta<\/a><a href=\"https:\/\/www.ivankovacesta.sk\/wp-content\/uploads\/2025\/02\/Ivankova-cesta-2026-dve-precenta.pdf\" class=\"wp-block-file__button wp-element-button\" download aria-describedby=\"wp-block-file--media-a8bfc81d-116d-414c-93a8-1291e01948f9\">Stiahnu\u0165<\/a><\/div>\n\n\n\n<p>3.krok<\/p>\n\n\n\n<p>Po vyplnen\u00ed obe tla\u010div\u00e1&nbsp;&nbsp;<strong>Potvrdenie o zaplaten\u00ed dane z pr\u00edjmov<\/strong>&nbsp;&nbsp;a&nbsp;&nbsp;<strong>Vyhl\u00e1senie o pouk\u00e1zan\u00ed sumy do v\u00fd\u0161ky 2 % (3 %) zaplatenej dane<\/strong>&nbsp;, v pr\u00edpade 3 % aj tla\u010divo&nbsp;&nbsp;<strong>Potvrdenie od organiz\u00e1ci\u00ed\/organiz\u00e1ci\u00ed<\/strong>&nbsp;&nbsp;, po\u0161lite alebo doru\u010dte najnesk\u00f4r do&nbsp;<strong>&nbsp;30.4.<\/strong>&nbsp;&nbsp;na da\u0148ov\u00fd \u00farad pod\u013ea miesta V\u00e1\u0161ho bydliska.<\/p>\n\n\n\n<p>Adresu V\u00e1\u0161ho da\u0148ov\u00e9ho \u00faradu\u00a0\u00a0<a class=\"\" href=\"https:\/\/www.financnasprava.sk\/sk\/elektronicke-sluzby\/verejne-sluzby\/zistenie-miestnej-prislusnost\" target=\"_blank\" rel=\"noreferrer noopener\">n\u00e1jdete tu<\/a>\u00a0.\u00a0Ak uzn\u00e1te za vhodn\u00e9 kludne to za v\u00e1s odnesieme.<\/p>\n\n\n\n<p><strong>Fyzick\u00e1 osoba (sami si pod\u00e1vate da\u0148ov\u00e9 priznanie), \u017eivnostn\u00edk<\/strong><\/p>\n\n\n\n<p>V\u00a0\u00a0<a href=\"http:\/\/rozhodni.sk\/poukazatel\/tlaciva-na-poukazanie-2-z-dane\/\" target=\"_blank\" rel=\"noreferrer noopener\"><strong>da\u0148ovom priznan\u00ed pre fyzick\u00e9 osoby<\/strong>\u00a0<\/a>\u00a0s\u00fa u\u017e uveden\u00e9 kol\u00f3nky na pouk\u00e1zanie 2 % (3 %) z dane v prospech prij\u00edmate\u013ea (strana 5 oddiel VIII riadok 81). Pri vypl\u00e1can\u00ed da\u0148ov\u00e9ho priznania pou\u017eite nasleduj\u00face \u00fadaje\u00a0<\/p>\n\n\n\n<p><strong>ODDIEL \u2013 \u00daDAJE O PRIJ\u00cdMATE\u013dOVI<\/strong><\/p>\n\n\n\n<p><strong>\u00a0I\u010cO prij\u00edmate\u013ea\u00a0<\/strong>\u00a0\u00a0\u00a0\u00a0\u00a0\u00a0\u00a0\u00a0\u00a0\u00a0\u00a0<\/p>\n\n\n\n<p>&nbsp; 55 815 596<\/p>\n\n\n\n<p><strong>Obchodn\u00e9 meno (n\u00e1zov)<\/strong><\/p>\n\n\n\n<p>Ivankova cesta&nbsp;<\/p>\n\n\n\n<h5 class=\"wp-block-heading\">2.krok<\/h5>\n\n\n\n<p>Riadne vyplnen\u00e9\u00a0\u00a0<strong>da\u0148ov\u00e9 priznanie<\/strong>,\u00a0v pr\u00edpade 3% aj \u200b\u200b\u200b\u200btla\u010divo\u00a0\u00a0<strong>Potvrdenie od organiz\u00e1ci\u00ed\/organiz\u00e1ci\u00ed<\/strong>\u00a0\u00a0, po\u0161lite alebo doru\u010dte v lehote, ktor\u00fa m\u00e1te na podanie da\u0148ov\u00e9ho priznania na V\u00e1\u0161 da\u0148ov\u00fd \u00farad.<\/p>\n\n\n\n<p>Adresu V\u00e1\u0161ho da\u0148ov\u00e9ho \u00faradu&nbsp;&nbsp;<a href=\"https:\/\/www.financnasprava.sk\/sk\/elektronicke-sluzby\/verejne-sluzby\/zistenie-miestnej-prislusnost\" target=\"_blank\" rel=\"noreferrer noopener\">n\u00e1jdete tu<\/a>&nbsp;.<\/p>\n\n\n\n<h4 class=\"wp-block-heading\">Pr\u00e1vnick\u00e1 osoba<\/h4>\n\n\n\n<p>Podrobn\u00fd postup pri pouk\u00e1zan\u00ed 1,5% (2%)&nbsp;&nbsp;<a href=\"http:\/\/rozhodni.sk\/poukazatel\/ako-mam-poukazat-2-z-dane\/postup-krokov-pre-pravnicke-osoby\/\" target=\"_blank\" rel=\"noreferrer noopener\">n\u00e1jdete tu<\/a><\/p>\n\n\n\n<p><\/p>\n","protected":false},"excerpt":{"rendered":"<p>\ud83d\udc99 Mil\u00ed priatelia,zo srdca v\u00e1m \u010fakujeme za va\u0161u podporu v minulom roku. \ud83d\ude4f Va\u0161e 2 % z dan\u00ed n\u00e1m ve\u013emi pomohli \u2013 v\u010faka nim sme dok\u00e1zali aspo\u0148 \u010diasto\u010dne uhradi\u0165:\u2728 terapie senzorickej integr\u00e1cie, na ktor\u00e9 doch\u00e1dzame do Popradu,\u2728 jeden terapeutick\u00fd pobyt,\u2728 psychiatrick\u00fa konzult\u00e1ciu,\u2728 a tie\u017e celkov\u00fa anest\u00e9ziu pri o\u0161etren\u00ed z\u00fabkov, ktor\u00e1 je pre nespolupracuj\u00face deti nevyhnutn\u00e1 [&hellip;]<\/p>\n","protected":false},"author":1,"featured_media":0,"comment_status":"open","ping_status":"open","sticky":false,"template":"","format":"standard","meta":{"om_disable_all_campaigns":false,"_monsterinsights_skip_tracking":false,"_monsterinsights_sitenote_active":false,"_monsterinsights_sitenote_note":"","_monsterinsights_sitenote_category":0,"_uf_show_specific_survey":0,"_uf_disable_surveys":false,"footnotes":""},"categories":[1],"tags":[],"class_list":["post-112","post","type-post","status-publish","format-standard","hentry","category-nezaradene","post-preview"],"aioseo_notices":[],"yoast_head":"<!-- This site is optimized with the Yoast SEO plugin v26.7 - https:\/\/yoast.com\/wordpress\/plugins\/seo\/ -->\n<title>Podporte n\u00e1s 2% - Ivankova cesta<\/title>\n<meta name=\"robots\" content=\"index, follow, max-snippet:-1, max-image-preview:large, max-video-preview:-1\" \/>\n<link rel=\"canonical\" href=\"https:\/\/www.ivankovacesta.sk\/?p=112\" \/>\n<meta property=\"og:locale\" content=\"sk_SK\" \/>\n<meta property=\"og:type\" content=\"article\" \/>\n<meta property=\"og:title\" content=\"Podporte n\u00e1s 2% - Ivankova cesta\" \/>\n<meta property=\"og:description\" content=\"\ud83d\udc99 Mil\u00ed priatelia,zo srdca v\u00e1m \u010fakujeme za va\u0161u podporu v minulom roku. \ud83d\ude4f Va\u0161e 2 % z dan\u00ed n\u00e1m ve\u013emi pomohli \u2013 v\u010faka nim sme dok\u00e1zali aspo\u0148 \u010diasto\u010dne uhradi\u0165:\u2728 terapie senzorickej integr\u00e1cie, na ktor\u00e9 doch\u00e1dzame do Popradu,\u2728 jeden terapeutick\u00fd pobyt,\u2728 psychiatrick\u00fa konzult\u00e1ciu,\u2728 a tie\u017e celkov\u00fa anest\u00e9ziu pri o\u0161etren\u00ed z\u00fabkov, ktor\u00e1 je pre nespolupracuj\u00face deti nevyhnutn\u00e1 [&hellip;]\" \/>\n<meta property=\"og:url\" content=\"https:\/\/www.ivankovacesta.sk\/?p=112\" \/>\n<meta property=\"og:site_name\" content=\"Ivankova cesta\" \/>\n<meta property=\"article:published_time\" content=\"2025-02-09T12:37:30+00:00\" \/>\n<meta property=\"article:modified_time\" content=\"2026-02-06T08:26:40+00:00\" \/>\n<meta name=\"author\" content=\"morvova\" \/>\n<meta name=\"twitter:card\" content=\"summary_large_image\" \/>\n<meta name=\"twitter:label1\" content=\"Autor\" \/>\n\t<meta name=\"twitter:data1\" content=\"morvova\" \/>\n\t<meta name=\"twitter:label2\" content=\"Predpokladan\u00fd \u010das \u010d\u00edtania\" \/>\n\t<meta name=\"twitter:data2\" content=\"3 min\u00faty\" \/>\n<script type=\"application\/ld+json\" class=\"yoast-schema-graph\">{\"@context\":\"https:\/\/schema.org\",\"@graph\":[{\"@type\":\"Article\",\"@id\":\"https:\/\/www.ivankovacesta.sk\/?p=112#article\",\"isPartOf\":{\"@id\":\"https:\/\/www.ivankovacesta.sk\/?p=112\"},\"author\":{\"name\":\"morvova\",\"@id\":\"https:\/\/www.ivankovacesta.sk\/#\/schema\/person\/e5546e70bc42d8827e3981a18319b686\"},\"headline\":\"Podporte n\u00e1s 2%\",\"datePublished\":\"2025-02-09T12:37:30+00:00\",\"dateModified\":\"2026-02-06T08:26:40+00:00\",\"mainEntityOfPage\":{\"@id\":\"https:\/\/www.ivankovacesta.sk\/?p=112\"},\"wordCount\":507,\"commentCount\":0,\"inLanguage\":\"sk-SK\",\"potentialAction\":[{\"@type\":\"CommentAction\",\"name\":\"Comment\",\"target\":[\"https:\/\/www.ivankovacesta.sk\/?p=112#respond\"]}]},{\"@type\":\"WebPage\",\"@id\":\"https:\/\/www.ivankovacesta.sk\/?p=112\",\"url\":\"https:\/\/www.ivankovacesta.sk\/?p=112\",\"name\":\"Podporte n\u00e1s 2% - Ivankova cesta\",\"isPartOf\":{\"@id\":\"https:\/\/www.ivankovacesta.sk\/#website\"},\"datePublished\":\"2025-02-09T12:37:30+00:00\",\"dateModified\":\"2026-02-06T08:26:40+00:00\",\"author\":{\"@id\":\"https:\/\/www.ivankovacesta.sk\/#\/schema\/person\/e5546e70bc42d8827e3981a18319b686\"},\"breadcrumb\":{\"@id\":\"https:\/\/www.ivankovacesta.sk\/?p=112#breadcrumb\"},\"inLanguage\":\"sk-SK\",\"potentialAction\":[{\"@type\":\"ReadAction\",\"target\":[\"https:\/\/www.ivankovacesta.sk\/?p=112\"]}]},{\"@type\":\"BreadcrumbList\",\"@id\":\"https:\/\/www.ivankovacesta.sk\/?p=112#breadcrumb\",\"itemListElement\":[{\"@type\":\"ListItem\",\"position\":1,\"name\":\"Home\",\"item\":\"https:\/\/www.ivankovacesta.sk\/\"},{\"@type\":\"ListItem\",\"position\":2,\"name\":\"Podporte n\u00e1s 2%\"}]},{\"@type\":\"WebSite\",\"@id\":\"https:\/\/www.ivankovacesta.sk\/#website\",\"url\":\"https:\/\/www.ivankovacesta.sk\/\",\"name\":\"Ivankova cesta\",\"description\":\"Ob\u010dianske zdru\u017eenie\",\"potentialAction\":[{\"@type\":\"SearchAction\",\"target\":{\"@type\":\"EntryPoint\",\"urlTemplate\":\"https:\/\/www.ivankovacesta.sk\/?s={search_term_string}\"},\"query-input\":{\"@type\":\"PropertyValueSpecification\",\"valueRequired\":true,\"valueName\":\"search_term_string\"}}],\"inLanguage\":\"sk-SK\"},{\"@type\":\"Person\",\"@id\":\"https:\/\/www.ivankovacesta.sk\/#\/schema\/person\/e5546e70bc42d8827e3981a18319b686\",\"name\":\"morvova\",\"image\":{\"@type\":\"ImageObject\",\"inLanguage\":\"sk-SK\",\"@id\":\"https:\/\/www.ivankovacesta.sk\/#\/schema\/person\/image\/\",\"url\":\"https:\/\/secure.gravatar.com\/avatar\/ee24f2a8f6a047f8348b5f521d9baa5d526d5a06bde8db24f809c9ee611e9194?s=96&d=mm&r=g\",\"contentUrl\":\"https:\/\/secure.gravatar.com\/avatar\/ee24f2a8f6a047f8348b5f521d9baa5d526d5a06bde8db24f809c9ee611e9194?s=96&d=mm&r=g\",\"caption\":\"morvova\"},\"sameAs\":[\"https:\/\/www.ivankovacesta.sk\"],\"url\":\"https:\/\/www.ivankovacesta.sk\/?author=1\"}]}<\/script>\n<!-- \/ Yoast SEO plugin. -->","yoast_head_json":{"title":"Podporte n\u00e1s 2% - Ivankova cesta","robots":{"index":"index","follow":"follow","max-snippet":"max-snippet:-1","max-image-preview":"max-image-preview:large","max-video-preview":"max-video-preview:-1"},"canonical":"https:\/\/www.ivankovacesta.sk\/?p=112","og_locale":"sk_SK","og_type":"article","og_title":"Podporte n\u00e1s 2% - Ivankova cesta","og_description":"\ud83d\udc99 Mil\u00ed priatelia,zo srdca v\u00e1m \u010fakujeme za va\u0161u podporu v minulom roku. \ud83d\ude4f Va\u0161e 2 % z dan\u00ed n\u00e1m ve\u013emi pomohli \u2013 v\u010faka nim sme dok\u00e1zali aspo\u0148 \u010diasto\u010dne uhradi\u0165:\u2728 terapie senzorickej integr\u00e1cie, na ktor\u00e9 doch\u00e1dzame do Popradu,\u2728 jeden terapeutick\u00fd pobyt,\u2728 psychiatrick\u00fa konzult\u00e1ciu,\u2728 a tie\u017e celkov\u00fa anest\u00e9ziu pri o\u0161etren\u00ed z\u00fabkov, ktor\u00e1 je pre nespolupracuj\u00face deti nevyhnutn\u00e1 [&hellip;]","og_url":"https:\/\/www.ivankovacesta.sk\/?p=112","og_site_name":"Ivankova cesta","article_published_time":"2025-02-09T12:37:30+00:00","article_modified_time":"2026-02-06T08:26:40+00:00","author":"morvova","twitter_card":"summary_large_image","twitter_misc":{"Autor":"morvova","Predpokladan\u00fd \u010das \u010d\u00edtania":"3 min\u00faty"},"schema":{"@context":"https:\/\/schema.org","@graph":[{"@type":"Article","@id":"https:\/\/www.ivankovacesta.sk\/?p=112#article","isPartOf":{"@id":"https:\/\/www.ivankovacesta.sk\/?p=112"},"author":{"name":"morvova","@id":"https:\/\/www.ivankovacesta.sk\/#\/schema\/person\/e5546e70bc42d8827e3981a18319b686"},"headline":"Podporte n\u00e1s 2%","datePublished":"2025-02-09T12:37:30+00:00","dateModified":"2026-02-06T08:26:40+00:00","mainEntityOfPage":{"@id":"https:\/\/www.ivankovacesta.sk\/?p=112"},"wordCount":507,"commentCount":0,"inLanguage":"sk-SK","potentialAction":[{"@type":"CommentAction","name":"Comment","target":["https:\/\/www.ivankovacesta.sk\/?p=112#respond"]}]},{"@type":"WebPage","@id":"https:\/\/www.ivankovacesta.sk\/?p=112","url":"https:\/\/www.ivankovacesta.sk\/?p=112","name":"Podporte n\u00e1s 2% - Ivankova cesta","isPartOf":{"@id":"https:\/\/www.ivankovacesta.sk\/#website"},"datePublished":"2025-02-09T12:37:30+00:00","dateModified":"2026-02-06T08:26:40+00:00","author":{"@id":"https:\/\/www.ivankovacesta.sk\/#\/schema\/person\/e5546e70bc42d8827e3981a18319b686"},"breadcrumb":{"@id":"https:\/\/www.ivankovacesta.sk\/?p=112#breadcrumb"},"inLanguage":"sk-SK","potentialAction":[{"@type":"ReadAction","target":["https:\/\/www.ivankovacesta.sk\/?p=112"]}]},{"@type":"BreadcrumbList","@id":"https:\/\/www.ivankovacesta.sk\/?p=112#breadcrumb","itemListElement":[{"@type":"ListItem","position":1,"name":"Home","item":"https:\/\/www.ivankovacesta.sk\/"},{"@type":"ListItem","position":2,"name":"Podporte n\u00e1s 2%"}]},{"@type":"WebSite","@id":"https:\/\/www.ivankovacesta.sk\/#website","url":"https:\/\/www.ivankovacesta.sk\/","name":"Ivankova cesta","description":"Ob\u010dianske zdru\u017eenie","potentialAction":[{"@type":"SearchAction","target":{"@type":"EntryPoint","urlTemplate":"https:\/\/www.ivankovacesta.sk\/?s={search_term_string}"},"query-input":{"@type":"PropertyValueSpecification","valueRequired":true,"valueName":"search_term_string"}}],"inLanguage":"sk-SK"},{"@type":"Person","@id":"https:\/\/www.ivankovacesta.sk\/#\/schema\/person\/e5546e70bc42d8827e3981a18319b686","name":"morvova","image":{"@type":"ImageObject","inLanguage":"sk-SK","@id":"https:\/\/www.ivankovacesta.sk\/#\/schema\/person\/image\/","url":"https:\/\/secure.gravatar.com\/avatar\/ee24f2a8f6a047f8348b5f521d9baa5d526d5a06bde8db24f809c9ee611e9194?s=96&d=mm&r=g","contentUrl":"https:\/\/secure.gravatar.com\/avatar\/ee24f2a8f6a047f8348b5f521d9baa5d526d5a06bde8db24f809c9ee611e9194?s=96&d=mm&r=g","caption":"morvova"},"sameAs":["https:\/\/www.ivankovacesta.sk"],"url":"https:\/\/www.ivankovacesta.sk\/?author=1"}]}},"_links":{"self":[{"href":"https:\/\/www.ivankovacesta.sk\/index.php?rest_route=\/wp\/v2\/posts\/112","targetHints":{"allow":["GET"]}}],"collection":[{"href":"https:\/\/www.ivankovacesta.sk\/index.php?rest_route=\/wp\/v2\/posts"}],"about":[{"href":"https:\/\/www.ivankovacesta.sk\/index.php?rest_route=\/wp\/v2\/types\/post"}],"author":[{"embeddable":true,"href":"https:\/\/www.ivankovacesta.sk\/index.php?rest_route=\/wp\/v2\/users\/1"}],"replies":[{"embeddable":true,"href":"https:\/\/www.ivankovacesta.sk\/index.php?rest_route=%2Fwp%2Fv2%2Fcomments&post=112"}],"version-history":[{"count":5,"href":"https:\/\/www.ivankovacesta.sk\/index.php?rest_route=\/wp\/v2\/posts\/112\/revisions"}],"predecessor-version":[{"id":131,"href":"https:\/\/www.ivankovacesta.sk\/index.php?rest_route=\/wp\/v2\/posts\/112\/revisions\/131"}],"wp:attachment":[{"href":"https:\/\/www.ivankovacesta.sk\/index.php?rest_route=%2Fwp%2Fv2%2Fmedia&parent=112"}],"wp:term":[{"taxonomy":"category","embeddable":true,"href":"https:\/\/www.ivankovacesta.sk\/index.php?rest_route=%2Fwp%2Fv2%2Fcategories&post=112"},{"taxonomy":"post_tag","embeddable":true,"href":"https:\/\/www.ivankovacesta.sk\/index.php?rest_route=%2Fwp%2Fv2%2Ftags&post=112"}],"curies":[{"name":"wp","href":"https:\/\/api.w.org\/{rel}","templated":true}]}}